{"id":13193,"date":"2023-10-27T09:41:45","date_gmt":"2023-10-27T09:41:45","guid":{"rendered":"https:\/\/albatros.vdisain.dev\/2023\/10\/27\/textile-curtains\/"},"modified":"2025-11-24T14:10:00","modified_gmt":"2025-11-24T14:10:00","slug":"textile-curtains","status":"publish","type":"post","link":"https:\/\/albatrostextile.ee\/en\/2023\/10\/27\/textile-curtains\/","title":{"rendered":"Textile curtains"},"content":{"rendered":"\t\t<div data-elementor-type=\"wp-post\" data-elementor-id=\"13193\" class=\"elementor elementor-13193 elementor-12130\" data-elementor-post-type=\"post\">\n\t\t\t\t<div class=\"elementor-element elementor-element-11e704d e-con-full e-flex lakit-col-width-auto-no e-container e-root-container elementor-top-section e-con e-parent\" data-id=\"11e704d\" data-element_type=\"container\" data-e-type=\"container\">\n\t\t<div class=\"elementor-element elementor-element-f14bf68 e-con-full e-flex lakit-col-width-auto-no e-container e-con e-child\" data-id=\"f14bf68\" data-element_type=\"container\" data-e-type=\"container\" data-settings=\"{&quot;background_background&quot;:&quot;classic&quot;}\">\n\t\t\t\t<div class=\"elementor-element elementor-element-366bc9a elementor-widget__width-initial elementor-widget-mobile__width-inherit elementor-widget elementor-widget-text-editor\" data-id=\"366bc9a\" data-element_type=\"widget\" data-e-type=\"widget\" data-widget_type=\"text-editor.default\">\n\t\t\t\t<div class=\"elementor-widget-container\">\n\t\t\t\t\t\t\t\t\t<p><span style=\"font-weight: 400;\">Textile curtains can serve different purposes and perform different functions in the interior. They can be chosen not only based on their purpose, but also on considerations of visual aesthetics, style and practicality. Below is a description of the different types of textile curtains, taking into account the mentioned characteristics:<\/span><\/p>\t\t\t\t\t\t\t\t<\/div>\n\t\t\t\t<\/div>\n\t\t\t\t<div class=\"elementor-element elementor-element-6dcc011 elementor-widget elementor-widget-heading\" data-id=\"6dcc011\" data-element_type=\"widget\" data-e-type=\"widget\" data-widget_type=\"heading.default\">\n\t\t\t\t<div class=\"elementor-widget-container\">\n\t\t\t\t\t<h2 class=\"elementor-heading-title elementor-size-default\">By purpose of use:<\/h2>\t\t\t\t<\/div>\n\t\t\t\t<\/div>\n\t\t<div class=\"elementor-element elementor-element-d903ec8 e-con-full e-flex lakit-col-width-auto-no e-container e-con e-child\" data-id=\"d903ec8\" data-element_type=\"container\" data-e-type=\"container\">\n\t\t\t\t<div class=\"elementor-element elementor-element-a16eac2 elementor-widget__width-initial elementor-widget-tablet__width-inherit elementor-widget elementor-widget-image\" data-id=\"a16eac2\" data-element_type=\"widget\" data-e-type=\"widget\" data-widget_type=\"image.default\">\n\t\t\t\t<div class=\"elementor-widget-container\">\n\t\t\t\t\t\t\t\t\t\t\t\t\t\t\t<img fetchpriority=\"high\" decoding=\"async\" width=\"2048\" height=\"2048\" src=\"https:\/\/albatrostextile.ee\/wp-content\/uploads\/2023\/10\/aknakatted_katuseaknale_albatrostextile-scaled-scaled.jpg\" class=\"attachment-full size-full wp-image-12323\" alt=\"\" srcset=\"https:\/\/albatrostextile.ee\/wp-content\/uploads\/2023\/10\/aknakatted_katuseaknale_albatrostextile-scaled-scaled.jpg 2048w, https:\/\/albatrostextile.ee\/wp-content\/uploads\/2023\/10\/aknakatted_katuseaknale_albatrostextile-scaled-scaled-600x600.jpg 600w, https:\/\/albatrostextile.ee\/wp-content\/uploads\/2023\/10\/aknakatted_katuseaknale_albatrostextile-scaled-scaled-1000x1000.jpg 1000w, https:\/\/albatrostextile.ee\/wp-content\/uploads\/2023\/10\/aknakatted_katuseaknale_albatrostextile-1536x1536.jpg 1536w\" sizes=\"(max-width: 2048px) 100vw, 2048px\" \/>\t\t\t\t\t\t\t\t\t\t\t\t\t\t\t<\/div>\n\t\t\t\t<\/div>\n\t\t\t\t<div class=\"elementor-element elementor-element-67c3c83 elementor-widget__width-initial elementor-widget-tablet__width-inherit elementor-widget elementor-widget-accordion\" data-id=\"67c3c83\" data-element_type=\"widget\" data-e-type=\"widget\" data-widget_type=\"accordion.default\">\n\t\t\t\t<div class=\"elementor-widget-container\">\n\t\t\t\t\t\t\t<div class=\"elementor-accordion\">\n\t\t\t\t\t\t\t<div class=\"elementor-accordion-item\">\n\t\t\t\t\t<div id=\"elementor-tab-title-1081\" class=\"elementor-tab-title\" data-tab=\"1\" role=\"button\" aria-controls=\"elementor-tab-content-1081\" aria-expanded=\"false\">\n\t\t\t\t\t\t\t\t\t\t\t\t\t<span class=\"elementor-accordion-icon elementor-accordion-icon-left\" aria-hidden=\"true\">\n\t\t\t\t\t\t\t\t\t\t\t\t\t\t\t<span class=\"elementor-accordion-icon-closed\"><svg xmlns=\"http:\/\/www.w3.org\/2000\/svg\" width=\"24\" height=\"9\" viewBox=\"0 0 24 9\" fill=\"none\"><path d=\"M23.3536 4.85355C23.5488 4.65829 23.5488 4.34171 23.3536 4.14644L20.1716 0.964464C19.9763 0.769202 19.6597 0.769202 19.4645 0.964464C19.2692 1.15973 19.2692 1.47631 19.4645 1.67157L22.2929 4.5L19.4645 7.32843C19.2692 7.52369 19.2692 7.84027 19.4645 8.03553C19.6597 8.23079 19.9763 8.23079 20.1716 8.03553L23.3536 4.85355ZM4.37114e-08 5L23 5L23 4L-4.37114e-08 4L4.37114e-08 5Z\" fill=\"white\"><\/path><\/svg><\/span>\n\t\t\t\t\t\t\t\t<span class=\"elementor-accordion-icon-opened\"><svg xmlns=\"http:\/\/www.w3.org\/2000\/svg\" width=\"24\" height=\"9\" viewBox=\"0 0 24 9\" fill=\"none\"><path d=\"M23.3536 4.85355C23.5488 4.65829 23.5488 4.34171 23.3536 4.14644L20.1716 0.964464C19.9763 0.769202 19.6597 0.769202 19.4645 0.964464C19.2692 1.15973 19.2692 1.47631 19.4645 1.67157L22.2929 4.5L19.4645 7.32843C19.2692 7.52369 19.2692 7.84027 19.4645 8.03553C19.6597 8.23079 19.9763 8.23079 20.1716 8.03553L23.3536 4.85355ZM4.37114e-08 5L23 5L23 4L-4.37114e-08 4L4.37114e-08 5Z\" fill=\"white\"><\/path><\/svg><\/span>\n\t\t\t\t\t\t\t\t\t\t\t\t\t\t<\/span>\n\t\t\t\t\t\t\t\t\t\t\t\t<a class=\"elementor-accordion-title\" tabindex=\"0\">Side curtains<\/a>\n\t\t\t\t\t<\/div>\n\t\t\t\t\t<div id=\"elementor-tab-content-1081\" class=\"elementor-tab-content elementor-clearfix\" data-tab=\"1\" role=\"region\" aria-labelledby=\"elementor-tab-title-1081\"><p>Designed to create a comfortable atmosphere in the bedroom. They often have a dense structure that blocks out some light and noise, helping to create a cozier sleep environment.<\/p>\n<\/div>\n\t\t\t\t<\/div>\n\t\t\t\t\t\t\t<div class=\"elementor-accordion-item\">\n\t\t\t\t\t<div id=\"elementor-tab-title-1082\" class=\"elementor-tab-title\" data-tab=\"2\" role=\"button\" aria-controls=\"elementor-tab-content-1082\" aria-expanded=\"false\">\n\t\t\t\t\t\t\t\t\t\t\t\t\t<span class=\"elementor-accordion-icon elementor-accordion-icon-left\" aria-hidden=\"true\">\n\t\t\t\t\t\t\t\t\t\t\t\t\t\t\t<span class=\"elementor-accordion-icon-closed\"><svg xmlns=\"http:\/\/www.w3.org\/2000\/svg\" width=\"24\" height=\"9\" viewBox=\"0 0 24 9\" fill=\"none\"><path d=\"M23.3536 4.85355C23.5488 4.65829 23.5488 4.34171 23.3536 4.14644L20.1716 0.964464C19.9763 0.769202 19.6597 0.769202 19.4645 0.964464C19.2692 1.15973 19.2692 1.47631 19.4645 1.67157L22.2929 4.5L19.4645 7.32843C19.2692 7.52369 19.2692 7.84027 19.4645 8.03553C19.6597 8.23079 19.9763 8.23079 20.1716 8.03553L23.3536 4.85355ZM4.37114e-08 5L23 5L23 4L-4.37114e-08 4L4.37114e-08 5Z\" fill=\"white\"><\/path><\/svg><\/span>\n\t\t\t\t\t\t\t\t<span class=\"elementor-accordion-icon-opened\"><svg xmlns=\"http:\/\/www.w3.org\/2000\/svg\" width=\"24\" height=\"9\" viewBox=\"0 0 24 9\" fill=\"none\"><path d=\"M23.3536 4.85355C23.5488 4.65829 23.5488 4.34171 23.3536 4.14644L20.1716 0.964464C19.9763 0.769202 19.6597 0.769202 19.4645 0.964464C19.2692 1.15973 19.2692 1.47631 19.4645 1.67157L22.2929 4.5L19.4645 7.32843C19.2692 7.52369 19.2692 7.84027 19.4645 8.03553C19.6597 8.23079 19.9763 8.23079 20.1716 8.03553L23.3536 4.85355ZM4.37114e-08 5L23 5L23 4L-4.37114e-08 4L4.37114e-08 5Z\" fill=\"white\"><\/path><\/svg><\/span>\n\t\t\t\t\t\t\t\t\t\t\t\t\t\t<\/span>\n\t\t\t\t\t\t\t\t\t\t\t\t<a class=\"elementor-accordion-title\" tabindex=\"0\">Blackout curtains<\/a>\n\t\t\t\t\t<\/div>\n\t\t\t\t\t<div id=\"elementor-tab-content-1082\" class=\"elementor-tab-content elementor-clearfix\" data-tab=\"2\" role=\"region\" aria-labelledby=\"elementor-tab-title-1082\"><p>Designed for complete or partial darkening of the room. They are often used in bedrooms, home theater rooms or other places where light control is important.<\/p>\n<\/div>\n\t\t\t\t<\/div>\n\t\t\t\t\t\t\t<div class=\"elementor-accordion-item\">\n\t\t\t\t\t<div id=\"elementor-tab-title-1083\" class=\"elementor-tab-title\" data-tab=\"3\" role=\"button\" aria-controls=\"elementor-tab-content-1083\" aria-expanded=\"false\">\n\t\t\t\t\t\t\t\t\t\t\t\t\t<span class=\"elementor-accordion-icon elementor-accordion-icon-left\" aria-hidden=\"true\">\n\t\t\t\t\t\t\t\t\t\t\t\t\t\t\t<span class=\"elementor-accordion-icon-closed\"><svg xmlns=\"http:\/\/www.w3.org\/2000\/svg\" width=\"24\" height=\"9\" viewBox=\"0 0 24 9\" fill=\"none\"><path d=\"M23.3536 4.85355C23.5488 4.65829 23.5488 4.34171 23.3536 4.14644L20.1716 0.964464C19.9763 0.769202 19.6597 0.769202 19.4645 0.964464C19.2692 1.15973 19.2692 1.47631 19.4645 1.67157L22.2929 4.5L19.4645 7.32843C19.2692 7.52369 19.2692 7.84027 19.4645 8.03553C19.6597 8.23079 19.9763 8.23079 20.1716 8.03553L23.3536 4.85355ZM4.37114e-08 5L23 5L23 4L-4.37114e-08 4L4.37114e-08 5Z\" fill=\"white\"><\/path><\/svg><\/span>\n\t\t\t\t\t\t\t\t<span class=\"elementor-accordion-icon-opened\"><svg xmlns=\"http:\/\/www.w3.org\/2000\/svg\" width=\"24\" height=\"9\" viewBox=\"0 0 24 9\" fill=\"none\"><path d=\"M23.3536 4.85355C23.5488 4.65829 23.5488 4.34171 23.3536 4.14644L20.1716 0.964464C19.9763 0.769202 19.6597 0.769202 19.4645 0.964464C19.2692 1.15973 19.2692 1.47631 19.4645 1.67157L22.2929 4.5L19.4645 7.32843C19.2692 7.52369 19.2692 7.84027 19.4645 8.03553C19.6597 8.23079 19.9763 8.23079 20.1716 8.03553L23.3536 4.85355ZM4.37114e-08 5L23 5L23 4L-4.37114e-08 4L4.37114e-08 5Z\" fill=\"white\"><\/path><\/svg><\/span>\n\t\t\t\t\t\t\t\t\t\t\t\t\t\t<\/span>\n\t\t\t\t\t\t\t\t\t\t\t\t<a class=\"elementor-accordion-title\" tabindex=\"0\">Sun-reflecting curtains<\/a>\n\t\t\t\t\t<\/div>\n\t\t\t\t\t<div id=\"elementor-tab-content-1083\" class=\"elementor-tab-content elementor-clearfix\" data-tab=\"3\" role=\"region\" aria-labelledby=\"elementor-tab-title-1083\"><p><span style=\"font-weight: 400;\">These curtains are designed to reflect some of the sun&#8217;s rays and heat, helping to maintain a pleasant indoor climate, especially in hot weather.<\/span><\/p>\n<\/div>\n\t\t\t\t<\/div>\n\t\t\t\t\t\t\t<div class=\"elementor-accordion-item\">\n\t\t\t\t\t<div id=\"elementor-tab-title-1084\" class=\"elementor-tab-title\" data-tab=\"4\" role=\"button\" aria-controls=\"elementor-tab-content-1084\" aria-expanded=\"false\">\n\t\t\t\t\t\t\t\t\t\t\t\t\t<span class=\"elementor-accordion-icon elementor-accordion-icon-left\" aria-hidden=\"true\">\n\t\t\t\t\t\t\t\t\t\t\t\t\t\t\t<span class=\"elementor-accordion-icon-closed\"><svg xmlns=\"http:\/\/www.w3.org\/2000\/svg\" width=\"24\" height=\"9\" viewBox=\"0 0 24 9\" fill=\"none\"><path d=\"M23.3536 4.85355C23.5488 4.65829 23.5488 4.34171 23.3536 4.14644L20.1716 0.964464C19.9763 0.769202 19.6597 0.769202 19.4645 0.964464C19.2692 1.15973 19.2692 1.47631 19.4645 1.67157L22.2929 4.5L19.4645 7.32843C19.2692 7.52369 19.2692 7.84027 19.4645 8.03553C19.6597 8.23079 19.9763 8.23079 20.1716 8.03553L23.3536 4.85355ZM4.37114e-08 5L23 5L23 4L-4.37114e-08 4L4.37114e-08 5Z\" fill=\"white\"><\/path><\/svg><\/span>\n\t\t\t\t\t\t\t\t<span class=\"elementor-accordion-icon-opened\"><svg xmlns=\"http:\/\/www.w3.org\/2000\/svg\" width=\"24\" height=\"9\" viewBox=\"0 0 24 9\" fill=\"none\"><path d=\"M23.3536 4.85355C23.5488 4.65829 23.5488 4.34171 23.3536 4.14644L20.1716 0.964464C19.9763 0.769202 19.6597 0.769202 19.4645 0.964464C19.2692 1.15973 19.2692 1.47631 19.4645 1.67157L22.2929 4.5L19.4645 7.32843C19.2692 7.52369 19.2692 7.84027 19.4645 8.03553C19.6597 8.23079 19.9763 8.23079 20.1716 8.03553L23.3536 4.85355ZM4.37114e-08 5L23 5L23 4L-4.37114e-08 4L4.37114e-08 5Z\" fill=\"white\"><\/path><\/svg><\/span>\n\t\t\t\t\t\t\t\t\t\t\t\t\t\t<\/span>\n\t\t\t\t\t\t\t\t\t\t\t\t<a class=\"elementor-accordion-title\" tabindex=\"0\">Decorative curtains<\/a>\n\t\t\t\t\t<\/div>\n\t\t\t\t\t<div id=\"elementor-tab-content-1084\" class=\"elementor-tab-content elementor-clearfix\" data-tab=\"4\" role=\"region\" aria-labelledby=\"elementor-tab-title-1084\"><p><span style=\"font-weight: 400;\">They emphasize the visual appeal and contribute to the aesthetics of the room. They can be made of finer materials and decorated with decorative elements to add style and beauty to the interior.<\/span><\/p>\n<\/div>\n\t\t\t\t<\/div>\n\t\t\t\t\t\t\t<div class=\"elementor-accordion-item\">\n\t\t\t\t\t<div id=\"elementor-tab-title-1085\" class=\"elementor-tab-title\" data-tab=\"5\" role=\"button\" aria-controls=\"elementor-tab-content-1085\" aria-expanded=\"false\">\n\t\t\t\t\t\t\t\t\t\t\t\t\t<span class=\"elementor-accordion-icon elementor-accordion-icon-left\" aria-hidden=\"true\">\n\t\t\t\t\t\t\t\t\t\t\t\t\t\t\t<span class=\"elementor-accordion-icon-closed\"><svg xmlns=\"http:\/\/www.w3.org\/2000\/svg\" width=\"24\" height=\"9\" viewBox=\"0 0 24 9\" fill=\"none\"><path d=\"M23.3536 4.85355C23.5488 4.65829 23.5488 4.34171 23.3536 4.14644L20.1716 0.964464C19.9763 0.769202 19.6597 0.769202 19.4645 0.964464C19.2692 1.15973 19.2692 1.47631 19.4645 1.67157L22.2929 4.5L19.4645 7.32843C19.2692 7.52369 19.2692 7.84027 19.4645 8.03553C19.6597 8.23079 19.9763 8.23079 20.1716 8.03553L23.3536 4.85355ZM4.37114e-08 5L23 5L23 4L-4.37114e-08 4L4.37114e-08 5Z\" fill=\"white\"><\/path><\/svg><\/span>\n\t\t\t\t\t\t\t\t<span class=\"elementor-accordion-icon-opened\"><svg xmlns=\"http:\/\/www.w3.org\/2000\/svg\" width=\"24\" height=\"9\" viewBox=\"0 0 24 9\" fill=\"none\"><path d=\"M23.3536 4.85355C23.5488 4.65829 23.5488 4.34171 23.3536 4.14644L20.1716 0.964464C19.9763 0.769202 19.6597 0.769202 19.4645 0.964464C19.2692 1.15973 19.2692 1.47631 19.4645 1.67157L22.2929 4.5L19.4645 7.32843C19.2692 7.52369 19.2692 7.84027 19.4645 8.03553C19.6597 8.23079 19.9763 8.23079 20.1716 8.03553L23.3536 4.85355ZM4.37114e-08 5L23 5L23 4L-4.37114e-08 4L4.37114e-08 5Z\" fill=\"white\"><\/path><\/svg><\/span>\n\t\t\t\t\t\t\t\t\t\t\t\t\t\t<\/span>\n\t\t\t\t\t\t\t\t\t\t\t\t<a class=\"elementor-accordion-title\" tabindex=\"0\">Day curtains<\/a>\n\t\t\t\t\t<\/div>\n\t\t\t\t\t<div id=\"elementor-tab-content-1085\" class=\"elementor-tab-content elementor-clearfix\" data-tab=\"5\" role=\"region\" aria-labelledby=\"elementor-tab-title-1085\"><p><span style=\"font-weight: 400;\">Usually made of lighter and more transparent fabrics, allowing natural light to penetrate the room. They create lightness and airiness in the interior.<\/span><\/p>\n<\/div>\n\t\t\t\t<\/div>\n\t\t\t\t\t\t\t\t<\/div>\n\t\t\t\t\t\t<\/div>\n\t\t\t\t<\/div>\n\t\t\t\t<\/div>\n\t\t\t\t<\/div>\n\t\t\t\t<\/div>\n\t\t<div class=\"elementor-element elementor-element-787fece e-con-full e-flex lakit-col-width-auto-no e-container e-root-container elementor-top-section e-con e-parent\" data-id=\"787fece\" data-element_type=\"container\" data-e-type=\"container\" data-settings=\"{&quot;background_background&quot;:&quot;classic&quot;}\">\n\t\t<div class=\"elementor-element elementor-element-1acdd64 e-con-full e-flex lakit-col-width-auto-no e-container e-con e-child\" data-id=\"1acdd64\" data-element_type=\"container\" data-e-type=\"container\">\n\t\t\t\t<div class=\"elementor-element elementor-element-379f34a elementor-widget elementor-widget-heading\" data-id=\"379f34a\" data-element_type=\"widget\" data-e-type=\"widget\" data-widget_type=\"heading.default\">\n\t\t\t\t<div class=\"elementor-widget-container\">\n\t\t\t\t\t<h2 class=\"elementor-heading-title elementor-size-default\">By type:<\/h2>\t\t\t\t<\/div>\n\t\t\t\t<\/div>\n\t\t<div class=\"elementor-element elementor-element-4f0000b e-con-full e-flex lakit-col-width-auto-no e-container e-con e-child\" data-id=\"4f0000b\" data-element_type=\"container\" data-e-type=\"container\">\n\t\t\t\t<div class=\"elementor-element elementor-element-a391559 elementor-widget__width-initial elementor-widget-tablet__width-inherit elementor-widget elementor-widget-accordion\" data-id=\"a391559\" data-element_type=\"widget\" data-e-type=\"widget\" data-widget_type=\"accordion.default\">\n\t\t\t\t<div class=\"elementor-widget-container\">\n\t\t\t\t\t\t\t<div class=\"elementor-accordion\">\n\t\t\t\t\t\t\t<div class=\"elementor-accordion-item\">\n\t\t\t\t\t<div id=\"elementor-tab-title-1711\" class=\"elementor-tab-title\" data-tab=\"1\" role=\"button\" aria-controls=\"elementor-tab-content-1711\" aria-expanded=\"false\">\n\t\t\t\t\t\t\t\t\t\t\t\t\t<span class=\"elementor-accordion-icon elementor-accordion-icon-left\" aria-hidden=\"true\">\n\t\t\t\t\t\t\t\t\t\t\t\t\t\t\t<span class=\"elementor-accordion-icon-closed\"><svg xmlns=\"http:\/\/www.w3.org\/2000\/svg\" width=\"1024\" height=\"1024\" viewBox=\"0 0 1024 1024\" class=\"lakit-font-icon-svg\"><use xlink:href=\"#dlicon___arrows_1_minimal_down\"><\/use><\/svg><\/span>\n\t\t\t\t\t\t\t\t<span class=\"elementor-accordion-icon-opened\"><svg xmlns=\"http:\/\/www.w3.org\/2000\/svg\" width=\"1024\" height=\"1024\" viewBox=\"0 0 1024 1024\" class=\"lakit-font-icon-svg\"><use xlink:href=\"#dlicon___arrows_4_stre_right\"><\/use><\/svg><\/span>\n\t\t\t\t\t\t\t\t\t\t\t\t\t\t<\/span>\n\t\t\t\t\t\t\t\t\t\t\t\t<a class=\"elementor-accordion-title\" tabindex=\"0\">Curtains<\/a>\n\t\t\t\t\t<\/div>\n\t\t\t\t\t<div id=\"elementor-tab-content-1711\" class=\"elementor-tab-content elementor-clearfix\" data-tab=\"1\" role=\"region\" aria-labelledby=\"elementor-tab-title-1711\"><p><span style=\"font-weight: 400;\">A classic choice for window coverings. Curtains can be of different lengths and fabrics, from dense and dense to light and airy. Portiers often create a more luxurious and opulent look.<\/span><\/p>\n<\/div>\n\t\t\t\t<\/div>\n\t\t\t\t\t\t\t<div class=\"elementor-accordion-item\">\n\t\t\t\t\t<div id=\"elementor-tab-title-1712\" class=\"elementor-tab-title\" data-tab=\"2\" role=\"button\" aria-controls=\"elementor-tab-content-1712\" aria-expanded=\"false\">\n\t\t\t\t\t\t\t\t\t\t\t\t\t<span class=\"elementor-accordion-icon elementor-accordion-icon-left\" aria-hidden=\"true\">\n\t\t\t\t\t\t\t\t\t\t\t\t\t\t\t<span class=\"elementor-accordion-icon-closed\"><svg xmlns=\"http:\/\/www.w3.org\/2000\/svg\" width=\"1024\" height=\"1024\" viewBox=\"0 0 1024 1024\" class=\"lakit-font-icon-svg\"><use xlink:href=\"#dlicon___arrows_1_minimal_down\"><\/use><\/svg><\/span>\n\t\t\t\t\t\t\t\t<span class=\"elementor-accordion-icon-opened\"><svg xmlns=\"http:\/\/www.w3.org\/2000\/svg\" width=\"1024\" height=\"1024\" viewBox=\"0 0 1024 1024\" class=\"lakit-font-icon-svg\"><use xlink:href=\"#dlicon___arrows_4_stre_right\"><\/use><\/svg><\/span>\n\t\t\t\t\t\t\t\t\t\t\t\t\t\t<\/span>\n\t\t\t\t\t\t\t\t\t\t\t\t<a class=\"elementor-accordion-title\" tabindex=\"0\">Roman curtains<\/a>\n\t\t\t\t\t<\/div>\n\t\t\t\t\t<div id=\"elementor-tab-content-1712\" class=\"elementor-tab-content elementor-clearfix\" data-tab=\"2\" role=\"region\" aria-labelledby=\"elementor-tab-title-1712\"><p><span style=\"font-weight: 400;\">These curtains are raised and lowered using a special mechanism, forming horizontal folds. They create a neat and modern look.<\/span><\/p>\n<\/div>\n\t\t\t\t<\/div>\n\t\t\t\t\t\t\t<div class=\"elementor-accordion-item\">\n\t\t\t\t\t<div id=\"elementor-tab-title-1713\" class=\"elementor-tab-title\" data-tab=\"3\" role=\"button\" aria-controls=\"elementor-tab-content-1713\" aria-expanded=\"false\">\n\t\t\t\t\t\t\t\t\t\t\t\t\t<span class=\"elementor-accordion-icon elementor-accordion-icon-left\" aria-hidden=\"true\">\n\t\t\t\t\t\t\t\t\t\t\t\t\t\t\t<span class=\"elementor-accordion-icon-closed\"><svg xmlns=\"http:\/\/www.w3.org\/2000\/svg\" width=\"1024\" height=\"1024\" viewBox=\"0 0 1024 1024\" class=\"lakit-font-icon-svg\"><use xlink:href=\"#dlicon___arrows_1_minimal_down\"><\/use><\/svg><\/span>\n\t\t\t\t\t\t\t\t<span class=\"elementor-accordion-icon-opened\"><svg xmlns=\"http:\/\/www.w3.org\/2000\/svg\" width=\"1024\" height=\"1024\" viewBox=\"0 0 1024 1024\" class=\"lakit-font-icon-svg\"><use xlink:href=\"#dlicon___arrows_4_stre_right\"><\/use><\/svg><\/span>\n\t\t\t\t\t\t\t\t\t\t\t\t\t\t<\/span>\n\t\t\t\t\t\t\t\t\t\t\t\t<a class=\"elementor-accordion-title\" tabindex=\"0\">Austrian curtains<\/a>\n\t\t\t\t\t<\/div>\n\t\t\t\t\t<div id=\"elementor-tab-content-1713\" class=\"elementor-tab-content elementor-clearfix\" data-tab=\"3\" role=\"region\" aria-labelledby=\"elementor-tab-title-1713\"><p><span style=\"font-weight: 400;\">Known for deep vertical pleats that create a luxurious and elegant look. They fit well into rooms with a classic or romantic style.<\/span><\/p>\n<\/div>\n\t\t\t\t<\/div>\n\t\t\t\t\t\t\t<div class=\"elementor-accordion-item\">\n\t\t\t\t\t<div id=\"elementor-tab-title-1714\" class=\"elementor-tab-title\" data-tab=\"4\" role=\"button\" aria-controls=\"elementor-tab-content-1714\" aria-expanded=\"false\">\n\t\t\t\t\t\t\t\t\t\t\t\t\t<span class=\"elementor-accordion-icon elementor-accordion-icon-left\" aria-hidden=\"true\">\n\t\t\t\t\t\t\t\t\t\t\t\t\t\t\t<span class=\"elementor-accordion-icon-closed\"><svg xmlns=\"http:\/\/www.w3.org\/2000\/svg\" width=\"1024\" height=\"1024\" viewBox=\"0 0 1024 1024\" class=\"lakit-font-icon-svg\"><use xlink:href=\"#dlicon___arrows_1_minimal_down\"><\/use><\/svg><\/span>\n\t\t\t\t\t\t\t\t<span class=\"elementor-accordion-icon-opened\"><svg xmlns=\"http:\/\/www.w3.org\/2000\/svg\" width=\"1024\" height=\"1024\" viewBox=\"0 0 1024 1024\" class=\"lakit-font-icon-svg\"><use xlink:href=\"#dlicon___arrows_4_stre_right\"><\/use><\/svg><\/span>\n\t\t\t\t\t\t\t\t\t\t\t\t\t\t<\/span>\n\t\t\t\t\t\t\t\t\t\t\t\t<a class=\"elementor-accordion-title\" tabindex=\"0\">French curtains<\/a>\n\t\t\t\t\t<\/div>\n\t\t\t\t\t<div id=\"elementor-tab-content-1714\" class=\"elementor-tab-content elementor-clearfix\" data-tab=\"4\" role=\"region\" aria-labelledby=\"elementor-tab-title-1714\"><p><span style=\"font-weight: 400;\">They are often presented in wider panels decorated with rich drapery and frills. This gives them a sophisticated and luxurious look.<\/span><\/p>\n<\/div>\n\t\t\t\t<\/div>\n\t\t\t\t\t\t\t<div class=\"elementor-accordion-item\">\n\t\t\t\t\t<div id=\"elementor-tab-title-1715\" class=\"elementor-tab-title\" data-tab=\"5\" role=\"button\" aria-controls=\"elementor-tab-content-1715\" aria-expanded=\"false\">\n\t\t\t\t\t\t\t\t\t\t\t\t\t<span class=\"elementor-accordion-icon elementor-accordion-icon-left\" aria-hidden=\"true\">\n\t\t\t\t\t\t\t\t\t\t\t\t\t\t\t<span class=\"elementor-accordion-icon-closed\"><svg xmlns=\"http:\/\/www.w3.org\/2000\/svg\" width=\"1024\" height=\"1024\" viewBox=\"0 0 1024 1024\" class=\"lakit-font-icon-svg\"><use xlink:href=\"#dlicon___arrows_1_minimal_down\"><\/use><\/svg><\/span>\n\t\t\t\t\t\t\t\t<span class=\"elementor-accordion-icon-opened\"><svg xmlns=\"http:\/\/www.w3.org\/2000\/svg\" width=\"1024\" height=\"1024\" viewBox=\"0 0 1024 1024\" class=\"lakit-font-icon-svg\"><use xlink:href=\"#dlicon___arrows_4_stre_right\"><\/use><\/svg><\/span>\n\t\t\t\t\t\t\t\t\t\t\t\t\t\t<\/span>\n\t\t\t\t\t\t\t\t\t\t\t\t<a class=\"elementor-accordion-title\" tabindex=\"0\">Japanese panels<\/a>\n\t\t\t\t\t<\/div>\n\t\t\t\t\t<div id=\"elementor-tab-content-1715\" class=\"elementor-tab-content elementor-clearfix\" data-tab=\"5\" role=\"region\" aria-labelledby=\"elementor-tab-title-1715\"><p><span style=\"font-weight: 400;\">These curtains consist of vertical panels that move along the window. They have a modern and minimalist style, fitting into modern interiors.<\/span><\/p>\n<\/div>\n\t\t\t\t<\/div>\n\t\t\t\t\t\t\t<div class=\"elementor-accordion-item\">\n\t\t\t\t\t<div id=\"elementor-tab-title-1716\" class=\"elementor-tab-title\" data-tab=\"6\" role=\"button\" aria-controls=\"elementor-tab-content-1716\" aria-expanded=\"false\">\n\t\t\t\t\t\t\t\t\t\t\t\t\t<span class=\"elementor-accordion-icon elementor-accordion-icon-left\" aria-hidden=\"true\">\n\t\t\t\t\t\t\t\t\t\t\t\t\t\t\t<span class=\"elementor-accordion-icon-closed\"><svg xmlns=\"http:\/\/www.w3.org\/2000\/svg\" width=\"1024\" height=\"1024\" viewBox=\"0 0 1024 1024\" class=\"lakit-font-icon-svg\"><use xlink:href=\"#dlicon___arrows_1_minimal_down\"><\/use><\/svg><\/span>\n\t\t\t\t\t\t\t\t<span class=\"elementor-accordion-icon-opened\"><svg xmlns=\"http:\/\/www.w3.org\/2000\/svg\" width=\"1024\" height=\"1024\" viewBox=\"0 0 1024 1024\" class=\"lakit-font-icon-svg\"><use xlink:href=\"#dlicon___arrows_4_stre_right\"><\/use><\/svg><\/span>\n\t\t\t\t\t\t\t\t\t\t\t\t\t\t<\/span>\n\t\t\t\t\t\t\t\t\t\t\t\t<a class=\"elementor-accordion-title\" tabindex=\"0\">The lambrequin or the top<\/a>\n\t\t\t\t\t<\/div>\n\t\t\t\t\t<div id=\"elementor-tab-content-1716\" class=\"elementor-tab-content elementor-clearfix\" data-tab=\"6\" role=\"region\" aria-labelledby=\"elementor-tab-title-1716\"><p><span style=\"font-weight: 400;\">a decorative element that has long been associated with classic interior design. This unique addition brings sophistication and elegance to the windows, creating a sense of luxury and historic grandeur in the space. Hoolimata tugevast seosest klassikaliste esteetikatega, omab lambrek\u00e4\u00e4n potentsiaali kasutamiseks kaasaegsetes interj\u00f6\u00f6rides, lisades neile originaalsust ja iseloomu. In classic design, the lambrequin is an important detail, emphasizing the luxury and sophistication of the room. It is often made of fabric with rich patterns, lots of decorative fringes and drapery, creating an impactful decorative solution. The lambrequin can be complemented with tassels and tassels, reinforcing its elegant nature. Combined with heavy curtains or portieres, the lambrequin gives the windows a grandiose look. Despite its association with classic styles, lambrequin can be seamlessly integrated into modern interiors. A modern interpretation can include geometric shapes, minimalist lines and subdued tones. This concept highlights the concept of &#8220;new classic&#8221;, combining elements of traditional and modern aesthetics.<\/span><\/p>\n<\/div>\n\t\t\t\t<\/div>\n\t\t\t\t\t\t\t\t<\/div>\n\t\t\t\t\t\t<\/div>\n\t\t\t\t<\/div>\n\t\t\t\t<div class=\"elementor-element elementor-element-ad39468 elementor-widget__width-initial elementor-widget-tablet__width-inherit elementor-widget elementor-widget-image\" data-id=\"ad39468\" data-element_type=\"widget\" data-e-type=\"widget\" data-widget_type=\"image.default\">\n\t\t\t\t<div class=\"elementor-widget-container\">\n\t\t\t\t\t\t\t\t\t\t\t\t\t\t\t<img decoding=\"async\" width=\"2048\" height=\"2048\" src=\"https:\/\/albatrostextile.ee\/wp-content\/uploads\/2024\/11\/roccaalmaekodu20230713_134703-scaled-1-scaled.jpg\" class=\"attachment-full size-full wp-image-14092\" alt=\"\" srcset=\"https:\/\/albatrostextile.ee\/wp-content\/uploads\/2024\/11\/roccaalmaekodu20230713_134703-scaled-1-scaled.jpg 2048w, https:\/\/albatrostextile.ee\/wp-content\/uploads\/2024\/11\/roccaalmaekodu20230713_134703-scaled-1-1536x1536.jpg 1536w, https:\/\/albatrostextile.ee\/wp-content\/uploads\/2024\/11\/roccaalmaekodu20230713_134703-scaled-1-600x600.jpg 600w, https:\/\/albatrostextile.ee\/wp-content\/uploads\/2024\/11\/roccaalmaekodu20230713_134703-scaled-1-1000x1000.jpg 1000w\" sizes=\"(max-width: 2048px) 100vw, 2048px\" \/>\t\t\t\t\t\t\t\t\t\t\t\t\t\t\t<\/div>\n\t\t\t\t<\/div>\n\t\t\t\t<\/div>\n\t\t\t\t<\/div>\n\t\t\t\t<\/div>\n\t\t<div class=\"elementor-element elementor-element-249527b e-con-full e-flex lakit-col-width-auto-no e-container e-root-container elementor-top-section e-con e-parent\" data-id=\"249527b\" data-element_type=\"container\" data-e-type=\"container\" data-settings=\"{&quot;background_background&quot;:&quot;classic&quot;}\">\n\t\t<div class=\"elementor-element elementor-element-e1737c9 e-con-full e-flex lakit-col-width-auto-no e-container e-con e-child\" data-id=\"e1737c9\" data-element_type=\"container\" data-e-type=\"container\">\n\t\t\t\t<div class=\"elementor-element elementor-element-ef03a45 elementor-widget elementor-widget-heading\" data-id=\"ef03a45\" data-element_type=\"widget\" data-e-type=\"widget\" data-widget_type=\"heading.default\">\n\t\t\t\t<div class=\"elementor-widget-container\">\n\t\t\t\t\t<h2 class=\"elementor-heading-title elementor-size-default\">By Quick Acquisition:<\/h2>\t\t\t\t<\/div>\n\t\t\t\t<\/div>\n\t\t<div class=\"elementor-element elementor-element-6de55cc e-con-full e-flex lakit-col-width-auto-no e-container e-con e-child\" data-id=\"6de55cc\" data-element_type=\"container\" data-e-type=\"container\">\n\t\t\t\t<div class=\"elementor-element elementor-element-281d0de elementor-widget__width-initial elementor-widget-tablet__width-inherit elementor-widget elementor-widget-image\" data-id=\"281d0de\" data-element_type=\"widget\" data-e-type=\"widget\" data-widget_type=\"image.default\">\n\t\t\t\t<div class=\"elementor-widget-container\">\n\t\t\t\t\t\t\t\t\t\t\t\t\t\t\t<img decoding=\"async\" width=\"2048\" height=\"2048\" src=\"https:\/\/albatrostextile.ee\/wp-content\/uploads\/2023\/10\/erker.webp\" class=\"attachment-full size-full wp-image-153879\" alt=\"\" srcset=\"https:\/\/albatrostextile.ee\/wp-content\/uploads\/2023\/10\/erker.webp 2048w, https:\/\/albatrostextile.ee\/wp-content\/uploads\/2023\/10\/erker-600x600.webp 600w, https:\/\/albatrostextile.ee\/wp-content\/uploads\/2023\/10\/erker-1536x1536.webp 1536w, https:\/\/albatrostextile.ee\/wp-content\/uploads\/2023\/10\/erker-1000x1000.webp 1000w\" sizes=\"(max-width: 2048px) 100vw, 2048px\" \/>\t\t\t\t\t\t\t\t\t\t\t\t\t\t\t<\/div>\n\t\t\t\t<\/div>\n\t\t\t\t<div class=\"elementor-element elementor-element-b062b26 elementor-widget__width-initial elementor-widget-tablet__width-inherit elementor-widget elementor-widget-accordion\" data-id=\"b062b26\" data-element_type=\"widget\" data-e-type=\"widget\" data-widget_type=\"accordion.default\">\n\t\t\t\t<div class=\"elementor-widget-container\">\n\t\t\t\t\t\t\t<div class=\"elementor-accordion\">\n\t\t\t\t\t\t\t<div class=\"elementor-accordion-item\">\n\t\t\t\t\t<div id=\"elementor-tab-title-1841\" class=\"elementor-tab-title\" data-tab=\"1\" role=\"button\" aria-controls=\"elementor-tab-content-1841\" aria-expanded=\"false\">\n\t\t\t\t\t\t\t\t\t\t\t\t\t<span class=\"elementor-accordion-icon elementor-accordion-icon-left\" aria-hidden=\"true\">\n\t\t\t\t\t\t\t\t\t\t\t\t\t\t\t<span class=\"elementor-accordion-icon-closed\"><svg xmlns=\"http:\/\/www.w3.org\/2000\/svg\" width=\"1024\" height=\"1024\" viewBox=\"0 0 1024 1024\" class=\"lakit-font-icon-svg\"><use xlink:href=\"#dlicon___arrows_1_minimal_down\"><\/use><\/svg><\/span>\n\t\t\t\t\t\t\t\t<span class=\"elementor-accordion-icon-opened\"><svg xmlns=\"http:\/\/www.w3.org\/2000\/svg\" width=\"1024\" height=\"1024\" viewBox=\"0 0 1024 1024\" class=\"lakit-font-icon-svg\"><use xlink:href=\"#dlicon___arrows_4_stre_right\"><\/use><\/svg><\/span>\n\t\t\t\t\t\t\t\t\t\t\t\t\t\t<\/span>\n\t\t\t\t\t\t\t\t\t\t\t\t<a class=\"elementor-accordion-title\" tabindex=\"0\">Made to order<\/a>\n\t\t\t\t\t<\/div>\n\t\t\t\t\t<div id=\"elementor-tab-content-1841\" class=\"elementor-tab-content elementor-clearfix\" data-tab=\"1\" role=\"region\" aria-labelledby=\"elementor-tab-title-1841\"><p><span style=\"font-weight: 400;\">These curtains are specially tailored for your space, taking into account its dimensions, color palette and style. This allows for the best integration with the interior.<\/span><\/p>\n<\/div>\n\t\t\t\t<\/div>\n\t\t\t\t\t\t\t<div class=\"elementor-accordion-item\">\n\t\t\t\t\t<div id=\"elementor-tab-title-1842\" class=\"elementor-tab-title\" data-tab=\"2\" role=\"button\" aria-controls=\"elementor-tab-content-1842\" aria-expanded=\"false\">\n\t\t\t\t\t\t\t\t\t\t\t\t\t<span class=\"elementor-accordion-icon elementor-accordion-icon-left\" aria-hidden=\"true\">\n\t\t\t\t\t\t\t\t\t\t\t\t\t\t\t<span class=\"elementor-accordion-icon-closed\"><svg xmlns=\"http:\/\/www.w3.org\/2000\/svg\" width=\"1024\" height=\"1024\" viewBox=\"0 0 1024 1024\" class=\"lakit-font-icon-svg\"><use xlink:href=\"#dlicon___arrows_1_minimal_down\"><\/use><\/svg><\/span>\n\t\t\t\t\t\t\t\t<span class=\"elementor-accordion-icon-opened\"><svg xmlns=\"http:\/\/www.w3.org\/2000\/svg\" width=\"1024\" height=\"1024\" viewBox=\"0 0 1024 1024\" class=\"lakit-font-icon-svg\"><use xlink:href=\"#dlicon___arrows_4_stre_right\"><\/use><\/svg><\/span>\n\t\t\t\t\t\t\t\t\t\t\t\t\t\t<\/span>\n\t\t\t\t\t\t\t\t\t\t\t\t<a class=\"elementor-accordion-title\" tabindex=\"0\">Ready-made curtains<\/a>\n\t\t\t\t\t<\/div>\n\t\t\t\t\t<div id=\"elementor-tab-content-1842\" class=\"elementor-tab-content elementor-clearfix\" data-tab=\"2\" role=\"region\" aria-labelledby=\"elementor-tab-title-1842\"><p><span style=\"font-weight: 400;\">These are curtains in standard sizes and designs that are immediately available for purchase. They can be a more economical option and are suitable for those who want to update their interior quickly.<\/span><span style=\"font-weight: 400;\"><br \/><\/span><span style=\"font-weight: 400;\">The choice of textile curtains depends on your preferences, functional needs and the style of the room.<\/span><\/p>\n<\/div>\n\t\t\t\t<\/div>\n\t\t\t\t\t\t\t\t<\/div>\n\t\t\t\t\t\t<\/div>\n\t\t\t\t<\/div>\n\t\t\t\t<\/div>\n\t\t\t\t<\/div>\n\t\t\t\t<\/div>\n\t\t<div class=\"elementor-element elementor-element-47220d4 e-flex e-con-boxed lakit-col-width-auto-no e-container e-root-container elementor-top-section e-con e-parent\" data-id=\"47220d4\" data-element_type=\"container\" data-e-type=\"container\">\n\t\t\t\t\t<div class=\"e-con-inner\">\n\t\t\t\t\t<\/div>\n\t\t\t\t<\/div>\n\t\t\t\t<\/div>\n\t\t","protected":false},"excerpt":{"rendered":"<p>Textile curtains can serve different purposes and perform different functions in the interior. They can be chosen not only based on their purpose, but also on considerations of visual aesthetics, style and practicality. Below is a description of the different types of textile curtains, taking into account the mentioned characteristics: By&hellip;<\/p>\n","protected":false},"author":1,"featured_media":47078,"comment_status":"open","ping_status":"open","sticky":false,"template":"","format":"standard","meta":{"_acf_changed":false,"footnotes":""},"categories":[67],"tags":[],"class_list":["post-13193","post","type-post","status-publish","format-standard","has-post-thumbnail","hentry","category-uncategorized"],"acf":[],"yoast_head":"<!-- This site is optimized with the Yoast SEO plugin v27.1.1 - https:\/\/yoast.com\/product\/yoast-seo-wordpress\/ -->\n<title>Textile curtains - Albatros Textile<\/title>\n<meta name=\"description\" content=\"Textile curtains add softness, style and personality to the room. Curtains are a versatile and elegant solution for any window.\" \/>\n<meta name=\"robots\" content=\"index, follow, max-snippet:-1, max-image-preview:large, max-video-preview:-1\" \/>\n<link rel=\"canonical\" href=\"https:\/\/albatrostextile.ee\/en\/2023\/10\/27\/textile-curtains\/\" \/>\n<meta property=\"og:locale\" content=\"en_US\" \/>\n<meta property=\"og:type\" content=\"article\" \/>\n<meta property=\"og:title\" content=\"Textile curtains - Albatros Textile\" \/>\n<meta property=\"og:description\" content=\"Textile curtains add softness, style and personality to the room. Curtains are a versatile and elegant solution for any window.\" \/>\n<meta property=\"og:url\" content=\"https:\/\/albatrostextile.ee\/en\/2023\/10\/27\/textile-curtains\/\" \/>\n<meta property=\"og:site_name\" content=\"Albatros Textile\" \/>\n<meta property=\"article:published_time\" content=\"2023-10-27T09:41:45+00:00\" \/>\n<meta property=\"article:modified_time\" content=\"2025-11-24T14:10:00+00:00\" \/>\n<meta property=\"og:image\" content=\"https:\/\/albatrostextile.ee\/wp-content\/uploads\/2023\/10\/20200915_121716-scaled-scaled-1.webp\" \/>\n\t<meta property=\"og:image:width\" content=\"2048\" \/>\n\t<meta property=\"og:image:height\" content=\"2048\" \/>\n\t<meta property=\"og:image:type\" content=\"image\/webp\" \/>\n<meta name=\"author\" content=\"haldur\" \/>\n<meta name=\"twitter:card\" content=\"summary_large_image\" \/>\n<meta name=\"twitter:label1\" content=\"Written by\" \/>\n\t<meta name=\"twitter:data1\" content=\"haldur\" \/>\n\t<meta name=\"twitter:label2\" content=\"Est. reading time\" \/>\n\t<meta name=\"twitter:data2\" content=\"4 minutes\" \/>\n<script type=\"application\/ld+json\" class=\"yoast-schema-graph\">{\"@context\":\"https:\/\/schema.org\",\"@graph\":[{\"@type\":\"Article\",\"@id\":\"https:\/\/albatrostextile.ee\/en\/2023\/10\/27\/textile-curtains\/#article\",\"isPartOf\":{\"@id\":\"https:\/\/albatrostextile.ee\/en\/2023\/10\/27\/textile-curtains\/\"},\"author\":{\"name\":\"haldur\",\"@id\":\"https:\/\/albatrostextile.ee\/en\/#\/schema\/person\/16a1341f2750629ed2420966fa874b8b\"},\"headline\":\"Textile curtains\",\"datePublished\":\"2023-10-27T09:41:45+00:00\",\"dateModified\":\"2025-11-24T14:10:00+00:00\",\"mainEntityOfPage\":{\"@id\":\"https:\/\/albatrostextile.ee\/en\/2023\/10\/27\/textile-curtains\/\"},\"wordCount\":575,\"commentCount\":0,\"publisher\":{\"@id\":\"https:\/\/albatrostextile.ee\/en\/#organization\"},\"image\":{\"@id\":\"https:\/\/albatrostextile.ee\/en\/2023\/10\/27\/textile-curtains\/#primaryimage\"},\"thumbnailUrl\":\"https:\/\/albatrostextile.ee\/wp-content\/uploads\/2023\/10\/20200915_121716-scaled-scaled-1.webp\",\"inLanguage\":\"en-US\",\"potentialAction\":[{\"@type\":\"CommentAction\",\"name\":\"Comment\",\"target\":[\"https:\/\/albatrostextile.ee\/en\/2023\/10\/27\/textile-curtains\/#respond\"]}]},{\"@type\":\"WebPage\",\"@id\":\"https:\/\/albatrostextile.ee\/en\/2023\/10\/27\/textile-curtains\/\",\"url\":\"https:\/\/albatrostextile.ee\/en\/2023\/10\/27\/textile-curtains\/\",\"name\":\"Textile curtains - Albatros Textile\",\"isPartOf\":{\"@id\":\"https:\/\/albatrostextile.ee\/en\/#website\"},\"primaryImageOfPage\":{\"@id\":\"https:\/\/albatrostextile.ee\/en\/2023\/10\/27\/textile-curtains\/#primaryimage\"},\"image\":{\"@id\":\"https:\/\/albatrostextile.ee\/en\/2023\/10\/27\/textile-curtains\/#primaryimage\"},\"thumbnailUrl\":\"https:\/\/albatrostextile.ee\/wp-content\/uploads\/2023\/10\/20200915_121716-scaled-scaled-1.webp\",\"datePublished\":\"2023-10-27T09:41:45+00:00\",\"dateModified\":\"2025-11-24T14:10:00+00:00\",\"description\":\"Textile curtains add softness, style and personality to the room. Curtains are a versatile and elegant solution for any window.\",\"breadcrumb\":{\"@id\":\"https:\/\/albatrostextile.ee\/en\/2023\/10\/27\/textile-curtains\/#breadcrumb\"},\"inLanguage\":\"en-US\",\"potentialAction\":[{\"@type\":\"ReadAction\",\"target\":[\"https:\/\/albatrostextile.ee\/en\/2023\/10\/27\/textile-curtains\/\"]}]},{\"@type\":\"ImageObject\",\"inLanguage\":\"en-US\",\"@id\":\"https:\/\/albatrostextile.ee\/en\/2023\/10\/27\/textile-curtains\/#primaryimage\",\"url\":\"https:\/\/albatrostextile.ee\/wp-content\/uploads\/2023\/10\/20200915_121716-scaled-scaled-1.webp\",\"contentUrl\":\"https:\/\/albatrostextile.ee\/wp-content\/uploads\/2023\/10\/20200915_121716-scaled-scaled-1.webp\",\"width\":2048,\"height\":2048},{\"@type\":\"BreadcrumbList\",\"@id\":\"https:\/\/albatrostextile.ee\/en\/2023\/10\/27\/textile-curtains\/#breadcrumb\",\"itemListElement\":[{\"@type\":\"ListItem\",\"position\":1,\"name\":\"Home\",\"item\":\"https:\/\/albatrostextile.ee\/en\/homepage\/\"},{\"@type\":\"ListItem\",\"position\":2,\"name\":\"Textile curtains\"}]},{\"@type\":\"WebSite\",\"@id\":\"https:\/\/albatrostextile.ee\/en\/#website\",\"url\":\"https:\/\/albatrostextile.ee\/en\/\",\"name\":\"Albatros Textile\",\"description\":\"Viimsi kardinasalong\",\"publisher\":{\"@id\":\"https:\/\/albatrostextile.ee\/en\/#organization\"},\"potentialAction\":[{\"@type\":\"SearchAction\",\"target\":{\"@type\":\"EntryPoint\",\"urlTemplate\":\"https:\/\/albatrostextile.ee\/en\/?s={search_term_string}\"},\"query-input\":{\"@type\":\"PropertyValueSpecification\",\"valueRequired\":true,\"valueName\":\"search_term_string\"}}],\"inLanguage\":\"en-US\"},{\"@type\":\"Organization\",\"@id\":\"https:\/\/albatrostextile.ee\/en\/#organization\",\"name\":\"Albatros Textile\",\"url\":\"https:\/\/albatrostextile.ee\/en\/\",\"logo\":{\"@type\":\"ImageObject\",\"inLanguage\":\"en-US\",\"@id\":\"https:\/\/albatrostextile.ee\/en\/#\/schema\/logo\/image\/\",\"url\":\"https:\/\/albatrostextile.ee\/wp-content\/uploads\/2022\/11\/cropped-albatros-textile-logo.png\",\"contentUrl\":\"https:\/\/albatrostextile.ee\/wp-content\/uploads\/2022\/11\/cropped-albatros-textile-logo.png\",\"width\":512,\"height\":512,\"caption\":\"Albatros Textile\"},\"image\":{\"@id\":\"https:\/\/albatrostextile.ee\/en\/#\/schema\/logo\/image\/\"},\"sameAs\":[\"https:\/\/www.instagram.com\/albatrostextile\"]},{\"@type\":\"Person\",\"@id\":\"https:\/\/albatrostextile.ee\/en\/#\/schema\/person\/16a1341f2750629ed2420966fa874b8b\",\"name\":\"haldur\",\"image\":{\"@type\":\"ImageObject\",\"inLanguage\":\"en-US\",\"@id\":\"https:\/\/albatrostextile.ee\/en\/#\/schema\/person\/image\/\",\"url\":\"https:\/\/secure.gravatar.com\/avatar\/f992edd3981c3e291845b7d45d213f7787092217468eb852ecb70210a476c65f?s=96&d=mm&r=g\",\"contentUrl\":\"https:\/\/secure.gravatar.com\/avatar\/f992edd3981c3e291845b7d45d213f7787092217468eb852ecb70210a476c65f?s=96&d=mm&r=g\",\"caption\":\"haldur\"},\"sameAs\":[\"https:\/\/albatrostextile.ee\"],\"url\":\"https:\/\/albatrostextile.ee\/en\/author\/haldur\/\"}]}<\/script>\n<!-- \/ Yoast SEO plugin. -->","yoast_head_json":{"title":"Textile curtains - Albatros Textile","description":"Textile curtains add softness, style and personality to the room. Curtains are a versatile and elegant solution for any window.","robots":{"index":"index","follow":"follow","max-snippet":"max-snippet:-1","max-image-preview":"max-image-preview:large","max-video-preview":"max-video-preview:-1"},"canonical":"https:\/\/albatrostextile.ee\/en\/2023\/10\/27\/textile-curtains\/","og_locale":"en_US","og_type":"article","og_title":"Textile curtains - Albatros Textile","og_description":"Textile curtains add softness, style and personality to the room. Curtains are a versatile and elegant solution for any window.","og_url":"https:\/\/albatrostextile.ee\/en\/2023\/10\/27\/textile-curtains\/","og_site_name":"Albatros Textile","article_published_time":"2023-10-27T09:41:45+00:00","article_modified_time":"2025-11-24T14:10:00+00:00","og_image":[{"width":2048,"height":2048,"url":"https:\/\/albatrostextile.ee\/wp-content\/uploads\/2023\/10\/20200915_121716-scaled-scaled-1.webp","type":"image\/webp"}],"author":"haldur","twitter_card":"summary_large_image","twitter_misc":{"Written by":"haldur","Est. reading time":"4 minutes"},"schema":{"@context":"https:\/\/schema.org","@graph":[{"@type":"Article","@id":"https:\/\/albatrostextile.ee\/en\/2023\/10\/27\/textile-curtains\/#article","isPartOf":{"@id":"https:\/\/albatrostextile.ee\/en\/2023\/10\/27\/textile-curtains\/"},"author":{"name":"haldur","@id":"https:\/\/albatrostextile.ee\/en\/#\/schema\/person\/16a1341f2750629ed2420966fa874b8b"},"headline":"Textile curtains","datePublished":"2023-10-27T09:41:45+00:00","dateModified":"2025-11-24T14:10:00+00:00","mainEntityOfPage":{"@id":"https:\/\/albatrostextile.ee\/en\/2023\/10\/27\/textile-curtains\/"},"wordCount":575,"commentCount":0,"publisher":{"@id":"https:\/\/albatrostextile.ee\/en\/#organization"},"image":{"@id":"https:\/\/albatrostextile.ee\/en\/2023\/10\/27\/textile-curtains\/#primaryimage"},"thumbnailUrl":"https:\/\/albatrostextile.ee\/wp-content\/uploads\/2023\/10\/20200915_121716-scaled-scaled-1.webp","inLanguage":"en-US","potentialAction":[{"@type":"CommentAction","name":"Comment","target":["https:\/\/albatrostextile.ee\/en\/2023\/10\/27\/textile-curtains\/#respond"]}]},{"@type":"WebPage","@id":"https:\/\/albatrostextile.ee\/en\/2023\/10\/27\/textile-curtains\/","url":"https:\/\/albatrostextile.ee\/en\/2023\/10\/27\/textile-curtains\/","name":"Textile curtains - Albatros Textile","isPartOf":{"@id":"https:\/\/albatrostextile.ee\/en\/#website"},"primaryImageOfPage":{"@id":"https:\/\/albatrostextile.ee\/en\/2023\/10\/27\/textile-curtains\/#primaryimage"},"image":{"@id":"https:\/\/albatrostextile.ee\/en\/2023\/10\/27\/textile-curtains\/#primaryimage"},"thumbnailUrl":"https:\/\/albatrostextile.ee\/wp-content\/uploads\/2023\/10\/20200915_121716-scaled-scaled-1.webp","datePublished":"2023-10-27T09:41:45+00:00","dateModified":"2025-11-24T14:10:00+00:00","description":"Textile curtains add softness, style and personality to the room. Curtains are a versatile and elegant solution for any window.","breadcrumb":{"@id":"https:\/\/albatrostextile.ee\/en\/2023\/10\/27\/textile-curtains\/#breadcrumb"},"inLanguage":"en-US","potentialAction":[{"@type":"ReadAction","target":["https:\/\/albatrostextile.ee\/en\/2023\/10\/27\/textile-curtains\/"]}]},{"@type":"ImageObject","inLanguage":"en-US","@id":"https:\/\/albatrostextile.ee\/en\/2023\/10\/27\/textile-curtains\/#primaryimage","url":"https:\/\/albatrostextile.ee\/wp-content\/uploads\/2023\/10\/20200915_121716-scaled-scaled-1.webp","contentUrl":"https:\/\/albatrostextile.ee\/wp-content\/uploads\/2023\/10\/20200915_121716-scaled-scaled-1.webp","width":2048,"height":2048},{"@type":"BreadcrumbList","@id":"https:\/\/albatrostextile.ee\/en\/2023\/10\/27\/textile-curtains\/#breadcrumb","itemListElement":[{"@type":"ListItem","position":1,"name":"Home","item":"https:\/\/albatrostextile.ee\/en\/homepage\/"},{"@type":"ListItem","position":2,"name":"Textile curtains"}]},{"@type":"WebSite","@id":"https:\/\/albatrostextile.ee\/en\/#website","url":"https:\/\/albatrostextile.ee\/en\/","name":"Albatros Textile","description":"Viimsi kardinasalong","publisher":{"@id":"https:\/\/albatrostextile.ee\/en\/#organization"},"potentialAction":[{"@type":"SearchAction","target":{"@type":"EntryPoint","urlTemplate":"https:\/\/albatrostextile.ee\/en\/?s={search_term_string}"},"query-input":{"@type":"PropertyValueSpecification","valueRequired":true,"valueName":"search_term_string"}}],"inLanguage":"en-US"},{"@type":"Organization","@id":"https:\/\/albatrostextile.ee\/en\/#organization","name":"Albatros Textile","url":"https:\/\/albatrostextile.ee\/en\/","logo":{"@type":"ImageObject","inLanguage":"en-US","@id":"https:\/\/albatrostextile.ee\/en\/#\/schema\/logo\/image\/","url":"https:\/\/albatrostextile.ee\/wp-content\/uploads\/2022\/11\/cropped-albatros-textile-logo.png","contentUrl":"https:\/\/albatrostextile.ee\/wp-content\/uploads\/2022\/11\/cropped-albatros-textile-logo.png","width":512,"height":512,"caption":"Albatros Textile"},"image":{"@id":"https:\/\/albatrostextile.ee\/en\/#\/schema\/logo\/image\/"},"sameAs":["https:\/\/www.instagram.com\/albatrostextile"]},{"@type":"Person","@id":"https:\/\/albatrostextile.ee\/en\/#\/schema\/person\/16a1341f2750629ed2420966fa874b8b","name":"haldur","image":{"@type":"ImageObject","inLanguage":"en-US","@id":"https:\/\/albatrostextile.ee\/en\/#\/schema\/person\/image\/","url":"https:\/\/secure.gravatar.com\/avatar\/f992edd3981c3e291845b7d45d213f7787092217468eb852ecb70210a476c65f?s=96&d=mm&r=g","contentUrl":"https:\/\/secure.gravatar.com\/avatar\/f992edd3981c3e291845b7d45d213f7787092217468eb852ecb70210a476c65f?s=96&d=mm&r=g","caption":"haldur"},"sameAs":["https:\/\/albatrostextile.ee"],"url":"https:\/\/albatrostextile.ee\/en\/author\/haldur\/"}]}},"_links":{"self":[{"href":"https:\/\/albatrostextile.ee\/en\/wp-json\/wp\/v2\/posts\/13193","targetHints":{"allow":["GET"]}}],"collection":[{"href":"https:\/\/albatrostextile.ee\/en\/wp-json\/wp\/v2\/posts"}],"about":[{"href":"https:\/\/albatrostextile.ee\/en\/wp-json\/wp\/v2\/types\/post"}],"author":[{"embeddable":true,"href":"https:\/\/albatrostextile.ee\/en\/wp-json\/wp\/v2\/users\/1"}],"replies":[{"embeddable":true,"href":"https:\/\/albatrostextile.ee\/en\/wp-json\/wp\/v2\/comments?post=13193"}],"version-history":[{"count":5,"href":"https:\/\/albatrostextile.ee\/en\/wp-json\/wp\/v2\/posts\/13193\/revisions"}],"predecessor-version":[{"id":153885,"href":"https:\/\/albatrostextile.ee\/en\/wp-json\/wp\/v2\/posts\/13193\/revisions\/153885"}],"wp:featuredmedia":[{"embeddable":true,"href":"https:\/\/albatrostextile.ee\/en\/wp-json\/wp\/v2\/media\/47078"}],"wp:attachment":[{"href":"https:\/\/albatrostextile.ee\/en\/wp-json\/wp\/v2\/media?parent=13193"}],"wp:term":[{"taxonomy":"category","embeddable":true,"href":"https:\/\/albatrostextile.ee\/en\/wp-json\/wp\/v2\/categories?post=13193"},{"taxonomy":"post_tag","embeddable":true,"href":"https:\/\/albatrostextile.ee\/en\/wp-json\/wp\/v2\/tags?post=13193"}],"curies":[{"name":"wp","href":"https:\/\/api.w.org\/{rel}","templated":true}]}}